{"id":2033,"date":"2022-01-07T15:28:04","date_gmt":"2022-01-07T13:28:04","guid":{"rendered":"https:\/\/www.salipiste.fi\/?p=2033"},"modified":"2022-01-08T11:39:17","modified_gmt":"2022-01-08T09:39:17","slug":"salipiste-avaa-ovensa-8-1","status":"publish","type":"post","link":"https:\/\/www.salipiste.fi\/index.php\/en\/2022\/01\/07\/salipiste-avaa-ovensa-8-1\/","title":{"rendered":"Salipiste avaa ovensa 8.1."},"content":{"rendered":"\t\t<div data-elementor-type=\"wp-post\" data-elementor-id=\"2033\" class=\"elementor elementor-2033\">\n\t\t\t\t\t\t<section class=\"elementor-section elementor-top-section elementor-element elementor-element-9ef5ef8 elementor-section-boxed elementor-section-height-default elementor-section-height-default\" data-id=\"9ef5ef8\" data-element_type=\"section\">\n\t\t\t\t\t\t<div class=\"elementor-container elementor-column-gap-default\">\n\t\t\t\t\t<div class=\"elementor-column elementor-col-100 elementor-top-column elementor-element elementor-element-21990e7\" data-id=\"21990e7\" data-element_type=\"column\">\n\t\t\t<div class=\"elementor-widget-wrap elementor-element-populated\">\n\t\t\t\t\t\t<div class=\"elementor-element elementor-element-6f955ba elementor-widget elementor-widget-text-editor\" data-id=\"6f955ba\" data-element_type=\"widget\" data-widget_type=\"text-editor.default\">\n\t\t\t\t<div class=\"elementor-widget-container\">\n\t\t\t\t\t\t\t\t\t<p>L\u00e4nsi- ja Sis\u00e4-Suomen aluehallintoviraston t\u00e4n\u00e4\u00e4n tekem\u00e4 p\u00e4\u00e4t\u00f6s (https:\/\/avi.fi\/tiedote\/-\/tiedote\/69929009) sallii kuntosalien avata j\u00e4lleen ovensa treenaajille. Salipiste palaa normaaliin arkeen 8.1. heti aamusta. Salikortit ja kulkuavaimet aktivoidaan huomisesta alkaen normaaliin k\u00e4ytt\u00f6\u00f6n.<\/p><p>Erityist\u00e4 huomiota salilla tulee edelleen kiinnitt\u00e4\u00e4 turvav\u00e4leihin, k\u00e4sihygieniaan ja laitteiden putsaamiseen. Treenaaminen on sallittua vain t\u00e4ysin terveen\u00e4.\u00a0<\/p><p>Pidet\u00e4\u00e4n tarkasti huolta itsest\u00e4mme ja toisistamme!<\/p><p>-Jenni-<\/p>\t\t\t\t\t\t\t\t<\/div>\n\t\t\t\t<\/div>\n\t\t\t\t\t<\/div>\n\t\t<\/div>\n\t\t\t\t\t<\/div>\n\t\t<\/section>\n\t\t\t\t<\/div>\n\t\t","protected":false},"excerpt":{"rendered":"<p>L\u00e4nsi- ja Sis\u00e4-Suomen aluehallintoviraston t\u00e4n\u00e4\u00e4n tekem\u00e4 p\u00e4\u00e4t\u00f6s (https:\/\/avi.fi\/tiedote\/-\/tiedote\/69929009) sallii kuntosalien avata j\u00e4lleen ovensa treenaajille. Salipiste palaa normaaliin arkeen 8.1. heti aamusta. Salikortit [&hellip;]<\/p>\n","protected":false},"author":1,"featured_media":2039,"comment_status":"closed","ping_status":"closed","sticky":false,"template":"","format":"standard","meta":{"_monsterinsights_skip_tracking":false,"_monsterinsights_sitenote_active":false,"_monsterinsights_sitenote_note":"","_monsterinsights_sitenote_category":0,"_uf_show_specific_survey":0,"_uf_disable_surveys":false,"footnotes":""},"categories":[15],"tags":[],"class_list":["post-2033","post","type-post","status-publish","format-standard","has-post-thumbnail","hentry","category-tiedote"],"aioseo_notices":[],"_links":{"self":[{"href":"https:\/\/www.salipiste.fi\/index.php\/wp-json\/wp\/v2\/posts\/2033","targetHints":{"allow":["GET"]}}],"collection":[{"href":"https:\/\/www.salipiste.fi\/index.php\/wp-json\/wp\/v2\/posts"}],"about":[{"href":"https:\/\/www.salipiste.fi\/index.php\/wp-json\/wp\/v2\/types\/post"}],"author":[{"embeddable":true,"href":"https:\/\/www.salipiste.fi\/index.php\/wp-json\/wp\/v2\/users\/1"}],"replies":[{"embeddable":true,"href":"https:\/\/www.salipiste.fi\/index.php\/wp-json\/wp\/v2\/comments?post=2033"}],"version-history":[{"count":5,"href":"https:\/\/www.salipiste.fi\/index.php\/wp-json\/wp\/v2\/posts\/2033\/revisions"}],"predecessor-version":[{"id":2041,"href":"https:\/\/www.salipiste.fi\/index.php\/wp-json\/wp\/v2\/posts\/2033\/revisions\/2041"}],"wp:featuredmedia":[{"embeddable":true,"href":"https:\/\/www.salipiste.fi\/index.php\/wp-json\/wp\/v2\/media\/2039"}],"wp:attachment":[{"href":"https:\/\/www.salipiste.fi\/index.php\/wp-json\/wp\/v2\/media?parent=2033"}],"wp:term":[{"taxonomy":"category","embeddable":true,"href":"https:\/\/www.salipiste.fi\/index.php\/wp-json\/wp\/v2\/categories?post=2033"},{"taxonomy":"post_tag","embeddable":true,"href":"https:\/\/www.salipiste.fi\/index.php\/wp-json\/wp\/v2\/tags?post=2033"}],"curies":[{"name":"wp","href":"https:\/\/api.w.org\/{rel}","templated":true}]}}